{"id":170,"date":"2012-08-09T02:00:00","date_gmt":"2012-08-09T00:00:00","guid":{"rendered":"http:\/\/vanessaziletti.com\/engine\/un-matrimonio-estivo\/"},"modified":"2014-12-19T18:00:30","modified_gmt":"2014-12-19T17:00:30","slug":"un-matrimonio-estivo","status":"publish","type":"post","link":"https:\/\/www.vanessaziletti.com\/engine\/2012\/08\/un-matrimonio-estivo.html","title":{"rendered":"Un matrimonio estivo"},"content":{"rendered":"<div style=\"clear: both; text-align: left;\">Ciao ragazze,<\/div>\n<div style=\"clear: both; text-align: left;\">il 14 luglio sono stata al matrimonio di una mia carissima amica e in questo post volevo mostrarvi cosa ho indossato per l&#8217;occasione \ud83d\ude42<\/div>\n<p><!--more--><\/p>\n<div style=\"clear: both; text-align: center;\"><a style=\"margin-left: 1em; margin-right: 1em;\" href=\"http:\/\/vanessaziletti.com\/engine\/wp-content\/uploads\/2012\/08\/foto-blog-2-960x539.jpg\" data-imagelightbox=\"g\"><img src=\"http:\/\/vanessaziletti.com\/engine\/wp-content\/uploads\/2012\/08\/foto-blog-2-960x539.jpg\" alt=\"\" width=\"700\" border=\"0\" \/><br \/>\n<\/a>Per me \u00e8 stata veramente una giornata emozionante, mi sono anche commossa. L&#8217;ultimo matrimonio a cui sono stata \u00e8 stato quello di mia zia circa una quindicina di anni fa. Questa \u00e8 stata la prima volta che ho visto una mia amica sposarsi ed \u00e8 stato bellissimo!<\/div>\n<div style=\"clear: both; text-align: center;\"><\/div>\n<div style=\"clear: both; text-align: center;\"><a style=\"margin-left: 1em; margin-right: 1em;\" href=\"http:\/\/vanessaziletti.com\/engine\/wp-content\/uploads\/2012\/08\/foto-blog-960x540.jpg\" data-imagelightbox=\"g\"><img src=\"http:\/\/vanessaziletti.com\/engine\/wp-content\/uploads\/2012\/08\/foto-blog-960x540.jpg\" alt=\"\" width=\"700\" border=\"0\" \/><\/a><\/div>\n<p>Ho realizzato anche un video outfit che ho caricato sul mio secondo canale, nel caso siate interessate eccolo qui:<\/p>\n<div style=\"clear: both; text-align: center;\"><object width=\"320\" height=\"266\" codebase=\"http:\/\/download.macromedia.com\/pub\/shockwave\/cabs\/flash\/swflash.cab#version=6,0,40,0\" class=\"\" data-thumbnail-src=\"http:\/\/0.gvt0.com\/vi\/LCHT5hglGZA\/0.jpg\"><param name=\"movie\" value=\"http:\/\/www.youtube.com\/v\/LCHT5hglGZA&#038;fs=1&#038;source=uds\" \/><param name=\"bgcolor\" value=\"#FFFFFF\" \/><param name=\"allowFullScreen\" value=\"true\" \/><embed width=\"700\" height=\"394\"  src=\"http:\/\/www.youtube.com\/v\/LCHT5hglGZA&#038;fs=1&#038;source=uds\" type=\"application\/x-shockwave-flash\" allowfullscreen=\"true\"><\/embed><\/object><\/div>\n<p>Che cosa indosso?<br \/>\n-Vestito Soma<br \/>\n-Borsa Dolce e Gabbana<br \/>\n-Scarpe Louboutin<br \/>\n-Braccialetti Cruciani<br \/>\n-Smalto Collistar lattemiele lacca 74<\/p>\n<p>Spero che il mio outfit vi sia piaciuto!<br \/>\nUn bacio<br \/>\nVanessa<\/p>\n","protected":false},"excerpt":{"rendered":"<p>Ciao ragazze, il 14 luglio sono stata al matrimonio di una mia carissima amica e in questo post volevo mostrarvi cosa ho indossato per l&#8217;occasione \ud83d\ude42<\/p>\n","protected":false},"author":2,"featured_media":1335,"comment_status":"open","ping_status":"open","sticky":false,"template":"","format":"standard","meta":[],"categories":[1],"tags":[464,46,69,72],"jetpack_featured_media_url":"https:\/\/www.vanessaziletti.com\/engine\/wp-content\/uploads\/2012\/08\/foto-blog-21.jpg","_links":{"self":[{"href":"https:\/\/www.vanessaziletti.com\/engine\/wp-json\/wp\/v2\/posts\/170"}],"collection":[{"href":"https:\/\/www.vanessaziletti.com\/engine\/wp-json\/wp\/v2\/posts"}],"about":[{"href":"https:\/\/www.vanessaziletti.com\/engine\/wp-json\/wp\/v2\/types\/post"}],"author":[{"embeddable":true,"href":"https:\/\/www.vanessaziletti.com\/engine\/wp-json\/wp\/v2\/users\/2"}],"replies":[{"embeddable":true,"href":"https:\/\/www.vanessaziletti.com\/engine\/wp-json\/wp\/v2\/comments?post=170"}],"version-history":[{"count":0,"href":"https:\/\/www.vanessaziletti.com\/engine\/wp-json\/wp\/v2\/posts\/170\/revisions"}],"wp:featuredmedia":[{"embeddable":true,"href":"https:\/\/www.vanessaziletti.com\/engine\/wp-json\/wp\/v2\/media\/1335"}],"wp:attachment":[{"href":"https:\/\/www.vanessaziletti.com\/engine\/wp-json\/wp\/v2\/media?parent=170"}],"wp:term":[{"taxonomy":"category","embeddable":true,"href":"https:\/\/www.vanessaziletti.com\/engine\/wp-json\/wp\/v2\/categories?post=170"},{"taxonomy":"post_tag","embeddable":true,"href":"https:\/\/www.vanessaziletti.com\/engine\/wp-json\/wp\/v2\/tags?post=170"}],"curies":[{"name":"wp","href":"https:\/\/api.w.org\/{rel}","templated":true}]}}