{"id":214,"date":"2012-01-26T18:43:00","date_gmt":"2012-01-26T17:43:00","guid":{"rendered":"http:\/\/vanessaziletti.com\/engine\/glossy-box-di-gennaio\/"},"modified":"2014-12-19T14:10:47","modified_gmt":"2014-12-19T13:10:47","slug":"glossy-box-di-gennaio","status":"publish","type":"post","link":"https:\/\/www.vanessaziletti.com\/engine\/2012\/01\/glossy-box-di-gennaio.html","title":{"rendered":"Glossy box di Gennaio"},"content":{"rendered":"<p>Ciao ragazze,<br \/>\noggi mi sono arrivate ben 2 glossy box! S\u00ec avete capito bene: 2,una per lei e una per lui.<br \/>\nLa novit\u00e0 di questo mese infatti \u00e8 proprio la glossy box maschile,che arriver\u00e0, agli uomini che decideranno di abbonasi, non ogni mese, ma ogni 3 mesi.<!--more--><br \/>\nEcco alcune foto:<\/p>\n<div style=\"clear: both; text-align: center;\"><a href=\"http:\/\/vanessaziletti.com\/engine\/wp-content\/uploads\/2012\/01\/IMG_0272-960x720.jpg\" data-imagelightbox=\"g\"><img loading=\"lazy\" src=\"http:\/\/vanessaziletti.com\/engine\/wp-content\/uploads\/2012\/01\/IMG_0272-960x720.jpg\" alt=\"\" width=\"320\" height=\"240\" border=\"0\" \/><\/a><\/div>\n<div style=\"clear: both; text-align: center;\"><\/div>\n<div style=\"clear: both; text-align: center;\"><\/div>\n<p><a name=\"more\"><\/a>Che cosa c&#8217;\u00e8 nella glossybox per lei?<\/p>\n<div style=\"clear: both; text-align: center;\"><a href=\"http:\/\/vanessaziletti.com\/engine\/wp-content\/uploads\/2012\/01\/IMG_0275-960x854.jpg\" data-imagelightbox=\"g\"><img loading=\"lazy\" src=\"http:\/\/vanessaziletti.com\/engine\/wp-content\/uploads\/2012\/01\/IMG_0275-960x854.jpg\" alt=\"\" width=\"320\" height=\"284\" border=\"0\" \/><\/a><\/div>\n<div style=\"clear: both; text-align: center;\"><a href=\"http:\/\/vanessaziletti.com\/engine\/wp-content\/uploads\/2012\/01\/IMG_0277-960x719.jpg\" data-imagelightbox=\"g\"><img loading=\"lazy\" src=\"http:\/\/vanessaziletti.com\/engine\/wp-content\/uploads\/2012\/01\/IMG_0277-960x719.jpg\" alt=\"\" width=\"320\" height=\"239\" border=\"0\" \/><\/a><\/div>\n<div style=\"clear: both; text-align: center;\"><a href=\"http:\/\/vanessaziletti.com\/engine\/wp-content\/uploads\/2012\/01\/IMG_0279-960x720.jpg\" data-imagelightbox=\"g\"><img loading=\"lazy\" src=\"http:\/\/vanessaziletti.com\/engine\/wp-content\/uploads\/2012\/01\/IMG_0279-960x720.jpg\" alt=\"\" width=\"320\" height=\"240\" border=\"0\" \/><\/a><\/div>\n<div style=\"clear: both; text-align: center;\"><\/div>\n<div style=\"clear: both; text-align: center;\"><\/div>\n<div style=\"clear: both; text-align: center;\">Una crema contorno occhi di Activia alla vitamina C<\/div>\n<div style=\"clear: both; text-align: center;\"><\/div>\n<div style=\"clear: both; text-align: center;\"><a href=\"http:\/\/vanessaziletti.com\/engine\/wp-content\/uploads\/2012\/01\/IMG_0288-960x730.jpg\" data-imagelightbox=\"g\"><img loading=\"lazy\" src=\"http:\/\/vanessaziletti.com\/engine\/wp-content\/uploads\/2012\/01\/IMG_0288-960x730.jpg\" alt=\"\" width=\"320\" height=\"241\" border=\"0\" \/><\/a><\/div>\n<div style=\"clear: both; text-align: center;\"><\/div>\n<div style=\"clear: both; text-align: center;\">Uno smalto di Layla \u00a0rosso<\/div>\n<div style=\"clear: both; text-align: center;\"><\/div>\n<div style=\"clear: both; text-align: center;\"><a href=\"http:\/\/vanessaziletti.com\/engine\/wp-content\/uploads\/2012\/01\/IMG_0286-960x720.jpg\" data-imagelightbox=\"g\"><img loading=\"lazy\" src=\"http:\/\/vanessaziletti.com\/engine\/wp-content\/uploads\/2012\/01\/IMG_0286-960x720.jpg\" alt=\"\" width=\"320\" height=\"240\" border=\"0\" \/><\/a><\/div>\n<div style=\"clear: both; text-align: center;\"><\/div>\n<div style=\"clear: both; text-align: center;\">Trattamento notturno e fiala anti et\u00e0.<\/div>\n<div style=\"clear: both; text-align: center;\"><\/div>\n<div style=\"clear: both; text-align: center;\"><a href=\"http:\/\/vanessaziletti.com\/engine\/wp-content\/uploads\/2012\/01\/IMG_0287-960x626.jpg\" data-imagelightbox=\"g\"><img loading=\"lazy\" src=\"http:\/\/vanessaziletti.com\/engine\/wp-content\/uploads\/2012\/01\/IMG_0287-960x626.jpg\" alt=\"\" width=\"320\" height=\"208\" border=\"0\" \/><\/a><\/div>\n<div style=\"clear: both; text-align: center;\">Un bellissimo rossetto rosso di Kryolan<\/div>\n<div style=\"clear: both; text-align: center;\"><\/div>\n<div style=\"clear: both; text-align: center;\"><a href=\"http:\/\/vanessaziletti.com\/engine\/wp-content\/uploads\/2012\/01\/IMG_0285-960x853.jpg\" data-imagelightbox=\"g\"><img loading=\"lazy\" src=\"http:\/\/vanessaziletti.com\/engine\/wp-content\/uploads\/2012\/01\/IMG_0285-960x853.jpg\" alt=\"\" width=\"320\" height=\"283\" border=\"0\" \/><\/a><\/div>\n<div style=\"clear: both; text-align: center;\"><\/div>\n<div style=\"clear: both; text-align: center;\"><\/div>\n<div style=\"clear: both; text-align: center;\">Ecco che cosa c&#8217;\u00e8 in quella per lui:<\/div>\n<div style=\"clear: both; text-align: center;\"><\/div>\n<div style=\"clear: both; text-align: center;\"><\/div>\n<div style=\"clear: both; text-align: center;\"><a href=\"http:\/\/vanessaziletti.com\/engine\/wp-content\/uploads\/2012\/01\/IMG_0280-960x650.jpg\" data-imagelightbox=\"g\"><img loading=\"lazy\" src=\"http:\/\/vanessaziletti.com\/engine\/wp-content\/uploads\/2012\/01\/IMG_0280-960x650.jpg\" alt=\"\" width=\"320\" height=\"216\" border=\"0\" \/><\/a><\/div>\n<div style=\"clear: both; text-align: center;\"><\/div>\n<div style=\"clear: both; text-align: center;\"><\/div>\n<div style=\"clear: both; text-align: center;\"><a href=\"http:\/\/vanessaziletti.com\/engine\/wp-content\/uploads\/2012\/01\/IMG_0281-960x772.jpg\" data-imagelightbox=\"g\"><img loading=\"lazy\" src=\"http:\/\/vanessaziletti.com\/engine\/wp-content\/uploads\/2012\/01\/IMG_0281-960x772.jpg\" alt=\"\" width=\"320\" height=\"257\" border=\"0\" \/><\/a><\/div>\n<div style=\"clear: both; text-align: center;\"><\/div>\n<div style=\"clear: both; text-align: center;\"><a href=\"http:\/\/vanessaziletti.com\/engine\/wp-content\/uploads\/2012\/01\/IMG_0282-960x720.jpg\" data-imagelightbox=\"g\"><img loading=\"lazy\" src=\"http:\/\/vanessaziletti.com\/engine\/wp-content\/uploads\/2012\/01\/IMG_0282-960x720.jpg\" alt=\"\" width=\"320\" height=\"240\" border=\"0\" \/><\/a><\/div>\n<div style=\"clear: both; text-align: center;\"><\/div>\n<div style=\"clear: both; text-align: center;\">Shampoo e balsamo in un unico step di Paul Mitchell, una schiuma da barba di eucerin, gel doccia dei coloniali, gel detergente per pelli sensibili di Bioetyc uomo e infine un&#8217;olio per cuticole di Mavala.<\/div>\n<div style=\"clear: both; text-align: center;\"><a href=\"http:\/\/vanessaziletti.com\/engine\/wp-content\/uploads\/2012\/01\/IMG_0284-960x720.jpg\" data-imagelightbox=\"g\"><img loading=\"lazy\" src=\"http:\/\/vanessaziletti.com\/engine\/wp-content\/uploads\/2012\/01\/IMG_0284-960x720.jpg\" alt=\"\" width=\"320\" height=\"240\" border=\"0\" \/><\/a><\/div>\n<p>Che cosa dire di queste glossy box?<br \/>\nInnanzitutto penso proprio che ruber\u00f2 l&#8217;olio per cuticole dalla glossy di Massimo (il mio fidanzato).. eh eh.. \ud83d\ude42<br \/>\nSinceramente la mia glossy box mi ha un po&#8217; delusa. Per ora ho provato solo il contorno occhi e il rossetto e devo dire che mi sono piaciuti molto. Sicuramente non prover\u00f2 le creme anti et\u00e0, ma le regaler\u00f2 a mia mamma o a una delle mie nonne. Che cosa vorrei vedere nelle prossime glossy box? pi\u00f9 cosmetici e meno creme. Secondo me le creme (soprattutto quelle viso) sono troppo personali per andare bene a tutti. Glossy box ha grandi potenzialit\u00e0, potrebbe soddisfare molte pi\u00f9 persone aggiungendo pi\u00f9 prodotti cosmetici, magari di marche costose. Io personalmente non vedo l&#8217;ora di vedere le prossime glossy box, sono sicura che miglioreranno molto nei prossimi mesi.<br \/>\nVoi che cosa ne pensate?<br \/>\nP.s. quella per uomo mi sembra molto carina..far\u00f2 testare i prodotti a Massimo e vi far\u00f2 sapere..<br \/>\nUn bacio<\/p>\n","protected":false},"excerpt":{"rendered":"<p>Ciao ragazze, oggi mi sono arrivate ben 2 glossy box! S\u00ec avete capito bene: 2,una per lei e una per lui. La novit\u00e0 di questo mese infatti \u00e8 proprio la glossy box maschile,che arriver\u00e0, agli uomini che decideranno di abbonasi, non ogni mese, ma ogni 3 mesi.<\/p>\n","protected":false},"author":2,"featured_media":1015,"comment_status":"open","ping_status":"open","sticky":false,"template":"","format":"standard","meta":[],"categories":[1],"tags":[145],"jetpack_featured_media_url":"https:\/\/www.vanessaziletti.com\/engine\/wp-content\/uploads\/2012\/01\/IMG_0272-960x720.jpg","_links":{"self":[{"href":"https:\/\/www.vanessaziletti.com\/engine\/wp-json\/wp\/v2\/posts\/214"}],"collection":[{"href":"https:\/\/www.vanessaziletti.com\/engine\/wp-json\/wp\/v2\/posts"}],"about":[{"href":"https:\/\/www.vanessaziletti.com\/engine\/wp-json\/wp\/v2\/types\/post"}],"author":[{"embeddable":true,"href":"https:\/\/www.vanessaziletti.com\/engine\/wp-json\/wp\/v2\/users\/2"}],"replies":[{"embeddable":true,"href":"https:\/\/www.vanessaziletti.com\/engine\/wp-json\/wp\/v2\/comments?post=214"}],"version-history":[{"count":0,"href":"https:\/\/www.vanessaziletti.com\/engine\/wp-json\/wp\/v2\/posts\/214\/revisions"}],"wp:featuredmedia":[{"embeddable":true,"href":"https:\/\/www.vanessaziletti.com\/engine\/wp-json\/wp\/v2\/media\/1015"}],"wp:attachment":[{"href":"https:\/\/www.vanessaziletti.com\/engine\/wp-json\/wp\/v2\/media?parent=214"}],"wp:term":[{"taxonomy":"category","embeddable":true,"href":"https:\/\/www.vanessaziletti.com\/engine\/wp-json\/wp\/v2\/categories?post=214"},{"taxonomy":"post_tag","embeddable":true,"href":"https:\/\/www.vanessaziletti.com\/engine\/wp-json\/wp\/v2\/tags?post=214"}],"curies":[{"name":"wp","href":"https:\/\/api.w.org\/{rel}","templated":true}]}}