{"id":2824,"date":"2016-05-17T10:00:11","date_gmt":"2016-05-17T08:00:11","guid":{"rendered":"http:\/\/vanessaziletti.com\/engine\/?p=2824"},"modified":"2017-10-26T23:09:58","modified_gmt":"2017-10-26T21:09:58","slug":"outfit-colori-pastello-per-la-primavera","status":"publish","type":"post","link":"https:\/\/www.vanessaziletti.com\/engine\/2016\/05\/outfit-colori-pastello-per-la-primavera.html","title":{"rendered":"Outfit colori pastello per la primavera"},"content":{"rendered":"<p><strong>Outfit colori pastello per la primavera<\/strong><\/p>\n<p>Oggi vi propongo un nuovo outfit sui toni pastello, i miei preferiti per la primavera!<\/p>\n<p><!--more--><\/p>\n<p>Non so se lo sapete, ma i due colori pantone dell&#8217;anno sono proprio due colori pastello: <a href=\"http:\/\/vanessaziletti.com\/engine\/2016\/01\/rose-quartz-e-serenity-i-colori-del-2016-secondo-pantone.html\">rose quartz e serenity<\/a>, un rosa cipria e un azzurro baby. E quale momento migliore della primavera per sfoggiare due tinte cos\u00ec tenui, fresche e delicate? Oltre a questi due toni, sempre restando su colori bon ton, potete sbizzarrirvi con outfit giallo pastello e capi verdi pistacchio. Dall&#8217;evento formale come una cerimonia, al look casual per tutti i giorni i colori pastello restano in assoluto tra i miei preferiti!<\/p>\n<p>Ma veniamo all&#8217;outfit di oggi!<\/p>\n<p>Il vero protagonista \u00e8 questo top di Needle&amp;Thread (se mi seguite su <a href=\"http:\/\/www.snapchat.com\/add\/zilettivanessa\">snapchat<\/a>, avrete sicuramente visto l&#8217;unboxing) color cipria con dei fiori di perline e paillettes ricamate verdi e gialle. L&#8217;ho abbinato a un paio di pantaloni rosa baby di Zara, delle decolt\u00e8 verdi e una chanel rosa cipria.<\/p>\n<p><a href=\"http:\/\/vanessaziletti.com\/engine\/wp-content\/uploads\/2016\/05\/outfit-colori-pastello-primavera-2016.jpg\" data-imagelightbox=\"g\"><img loading=\"lazy\" class=\"alignnone wp-image-2836\" src=\"http:\/\/vanessaziletti.com\/engine\/wp-content\/uploads\/2016\/05\/outfit-colori-pastello-primavera-2016-683x1024.jpg\" alt=\"outfit colori pastello primavera 2016\" width=\"640\" height=\"960\" srcset=\"https:\/\/www.vanessaziletti.com\/engine\/wp-content\/uploads\/2016\/05\/outfit-colori-pastello-primavera-2016-683x1024.jpg 683w, https:\/\/www.vanessaziletti.com\/engine\/wp-content\/uploads\/2016\/05\/outfit-colori-pastello-primavera-2016-200x300.jpg 200w, https:\/\/www.vanessaziletti.com\/engine\/wp-content\/uploads\/2016\/05\/outfit-colori-pastello-primavera-2016-400x600.jpg 400w, https:\/\/www.vanessaziletti.com\/engine\/wp-content\/uploads\/2016\/05\/outfit-colori-pastello-primavera-2016-620x930.jpg 620w, https:\/\/www.vanessaziletti.com\/engine\/wp-content\/uploads\/2016\/05\/outfit-colori-pastello-primavera-2016-960x1440.jpg 960w, https:\/\/www.vanessaziletti.com\/engine\/wp-content\/uploads\/2016\/05\/outfit-colori-pastello-primavera-2016.jpg 1365w\" sizes=\"(max-width: 640px) 100vw, 640px\" \/><\/a><\/p>\n<p><a href=\"http:\/\/vanessaziletti.com\/engine\/wp-content\/uploads\/2016\/05\/scarpe-verdi-pastello.jpg\" data-imagelightbox=\"g\"><img loading=\"lazy\" class=\"alignnone wp-image-2827\" src=\"http:\/\/vanessaziletti.com\/engine\/wp-content\/uploads\/2016\/05\/scarpe-verdi-pastello-1024x683.jpg\" alt=\"scarpe verdi pastello\" width=\"640\" height=\"427\" srcset=\"https:\/\/www.vanessaziletti.com\/engine\/wp-content\/uploads\/2016\/05\/scarpe-verdi-pastello-1024x683.jpg 1024w, https:\/\/www.vanessaziletti.com\/engine\/wp-content\/uploads\/2016\/05\/scarpe-verdi-pastello-300x200.jpg 300w, https:\/\/www.vanessaziletti.com\/engine\/wp-content\/uploads\/2016\/05\/scarpe-verdi-pastello-600x400.jpg 600w, https:\/\/www.vanessaziletti.com\/engine\/wp-content\/uploads\/2016\/05\/scarpe-verdi-pastello-620x413.jpg 620w, https:\/\/www.vanessaziletti.com\/engine\/wp-content\/uploads\/2016\/05\/scarpe-verdi-pastello-960x640.jpg 960w, https:\/\/www.vanessaziletti.com\/engine\/wp-content\/uploads\/2016\/05\/scarpe-verdi-pastello.jpg 2048w\" sizes=\"(max-width: 640px) 100vw, 640px\" \/><\/a><\/p>\n<p><a href=\"http:\/\/vanessaziletti.com\/engine\/wp-content\/uploads\/2016\/05\/outfit-rosa-pastello.jpg\" data-imagelightbox=\"g\"><img loading=\"lazy\" class=\"alignnone wp-image-2829\" src=\"http:\/\/vanessaziletti.com\/engine\/wp-content\/uploads\/2016\/05\/outfit-rosa-pastello-1024x666.jpg\" alt=\"outfit rosa pastello\" width=\"640\" height=\"416\" srcset=\"https:\/\/www.vanessaziletti.com\/engine\/wp-content\/uploads\/2016\/05\/outfit-rosa-pastello-1024x666.jpg 1024w, https:\/\/www.vanessaziletti.com\/engine\/wp-content\/uploads\/2016\/05\/outfit-rosa-pastello-300x195.jpg 300w, https:\/\/www.vanessaziletti.com\/engine\/wp-content\/uploads\/2016\/05\/outfit-rosa-pastello-600x390.jpg 600w, https:\/\/www.vanessaziletti.com\/engine\/wp-content\/uploads\/2016\/05\/outfit-rosa-pastello-620x403.jpg 620w, https:\/\/www.vanessaziletti.com\/engine\/wp-content\/uploads\/2016\/05\/outfit-rosa-pastello-960x624.jpg 960w, https:\/\/www.vanessaziletti.com\/engine\/wp-content\/uploads\/2016\/05\/outfit-rosa-pastello.jpg 2048w\" sizes=\"(max-width: 640px) 100vw, 640px\" \/><\/a><\/p>\n<p><a href=\"http:\/\/vanessaziletti.com\/engine\/wp-content\/uploads\/2016\/05\/chanel-rosa-cipria.jpg\" data-imagelightbox=\"g\"><img loading=\"lazy\" class=\"alignnone wp-image-2831\" src=\"http:\/\/vanessaziletti.com\/engine\/wp-content\/uploads\/2016\/05\/chanel-rosa-cipria-1024x634.jpg\" alt=\"chanel rosa cipria\" width=\"640\" height=\"396\" srcset=\"https:\/\/www.vanessaziletti.com\/engine\/wp-content\/uploads\/2016\/05\/chanel-rosa-cipria-1024x634.jpg 1024w, https:\/\/www.vanessaziletti.com\/engine\/wp-content\/uploads\/2016\/05\/chanel-rosa-cipria-300x186.jpg 300w, https:\/\/www.vanessaziletti.com\/engine\/wp-content\/uploads\/2016\/05\/chanel-rosa-cipria-600x371.jpg 600w, https:\/\/www.vanessaziletti.com\/engine\/wp-content\/uploads\/2016\/05\/chanel-rosa-cipria-620x384.jpg 620w, https:\/\/www.vanessaziletti.com\/engine\/wp-content\/uploads\/2016\/05\/chanel-rosa-cipria-960x594.jpg 960w, https:\/\/www.vanessaziletti.com\/engine\/wp-content\/uploads\/2016\/05\/chanel-rosa-cipria.jpg 2048w\" sizes=\"(max-width: 640px) 100vw, 640px\" \/><\/a><\/p>\n<p><a href=\"http:\/\/vanessaziletti.com\/engine\/wp-content\/uploads\/2016\/05\/outfit-primavera-2016-colori-pastello.jpg\" data-imagelightbox=\"g\"><img loading=\"lazy\" class=\"alignnone wp-image-2832\" src=\"http:\/\/vanessaziletti.com\/engine\/wp-content\/uploads\/2016\/05\/outfit-primavera-2016-colori-pastello-683x1024.jpg\" alt=\"outfit primavera 2016 colori pastello\" width=\"640\" height=\"960\" srcset=\"https:\/\/www.vanessaziletti.com\/engine\/wp-content\/uploads\/2016\/05\/outfit-primavera-2016-colori-pastello-683x1024.jpg 683w, https:\/\/www.vanessaziletti.com\/engine\/wp-content\/uploads\/2016\/05\/outfit-primavera-2016-colori-pastello-200x300.jpg 200w, https:\/\/www.vanessaziletti.com\/engine\/wp-content\/uploads\/2016\/05\/outfit-primavera-2016-colori-pastello-400x600.jpg 400w, https:\/\/www.vanessaziletti.com\/engine\/wp-content\/uploads\/2016\/05\/outfit-primavera-2016-colori-pastello-620x930.jpg 620w, https:\/\/www.vanessaziletti.com\/engine\/wp-content\/uploads\/2016\/05\/outfit-primavera-2016-colori-pastello-960x1440.jpg 960w, https:\/\/www.vanessaziletti.com\/engine\/wp-content\/uploads\/2016\/05\/outfit-primavera-2016-colori-pastello.jpg 1365w\" sizes=\"(max-width: 640px) 100vw, 640px\" \/><\/a><\/p>\n<p>&nbsp;<\/p>\n<p style=\"text-align: center;\"><strong>Indosso: <\/strong><\/p>\n<p style=\"text-align: center;\">Top Needle&amp;Thread<\/p>\n<p style=\"text-align: center;\">Pantaloni Zara<\/p>\n<p style=\"text-align: center;\">Scarpe Dolce&amp;Gabbana<\/p>\n<p style=\"text-align: center;\">Borsa Chanel<\/p>\n<p>Cosa ne pensate di questo look? Vi piacciono i colori pastello? Se s\u00ec, qual \u00e8 il vostro preferito o quello che indossate di pi\u00f9? Il mio, nel caso non si capisse, \u00e8 il rosa! \ud83d\ude09<\/p>\n<p>&nbsp;<\/p>\n<p style=\"text-align: center;\">Vanessa<\/p>\n<p style=\"text-align: center;\">\u2661\u2661\u2661<\/p>\n","protected":false},"excerpt":{"rendered":"<p>Outfit colori pastello per la primavera Oggi vi propongo un nuovo outfit sui toni pastello, i miei preferiti per la primavera!<\/p>\n","protected":false},"author":2,"featured_media":2826,"comment_status":"open","ping_status":"open","sticky":false,"template":"","format":"standard","meta":[],"categories":[844],"tags":[703,798,721,799,719,66],"jetpack_featured_media_url":"https:\/\/www.vanessaziletti.com\/engine\/wp-content\/uploads\/2016\/05\/outfit-colori-pastello-primavera-960x1440.jpg","_links":{"self":[{"href":"https:\/\/www.vanessaziletti.com\/engine\/wp-json\/wp\/v2\/posts\/2824"}],"collection":[{"href":"https:\/\/www.vanessaziletti.com\/engine\/wp-json\/wp\/v2\/posts"}],"about":[{"href":"https:\/\/www.vanessaziletti.com\/engine\/wp-json\/wp\/v2\/types\/post"}],"author":[{"embeddable":true,"href":"https:\/\/www.vanessaziletti.com\/engine\/wp-json\/wp\/v2\/users\/2"}],"replies":[{"embeddable":true,"href":"https:\/\/www.vanessaziletti.com\/engine\/wp-json\/wp\/v2\/comments?post=2824"}],"version-history":[{"count":0,"href":"https:\/\/www.vanessaziletti.com\/engine\/wp-json\/wp\/v2\/posts\/2824\/revisions"}],"wp:featuredmedia":[{"embeddable":true,"href":"https:\/\/www.vanessaziletti.com\/engine\/wp-json\/wp\/v2\/media\/2826"}],"wp:attachment":[{"href":"https:\/\/www.vanessaziletti.com\/engine\/wp-json\/wp\/v2\/media?parent=2824"}],"wp:term":[{"taxonomy":"category","embeddable":true,"href":"https:\/\/www.vanessaziletti.com\/engine\/wp-json\/wp\/v2\/categories?post=2824"},{"taxonomy":"post_tag","embeddable":true,"href":"https:\/\/www.vanessaziletti.com\/engine\/wp-json\/wp\/v2\/tags?post=2824"}],"curies":[{"name":"wp","href":"https:\/\/api.w.org\/{rel}","templated":true}]}}