{"id":4402,"date":"2018-01-17T10:00:56","date_gmt":"2018-01-17T09:00:56","guid":{"rendered":"http:\/\/vanessaziletti.com\/?p=4402"},"modified":"2018-01-16T22:25:10","modified_gmt":"2018-01-16T21:25:10","slug":"alle-canarie-con-lierac","status":"publish","type":"post","link":"https:\/\/www.vanessaziletti.com\/engine\/2018\/01\/alle-canarie-con-lierac.html","title":{"rendered":"CANARIE: IN VACANZA CON LIERAC!"},"content":{"rendered":"<p lang=\"zxx\" align=\"justify\">Ciao ragazze! Quest&#8217;anno ho trascorso il Natale con la mia famiglia alle Canarie<b>, <\/b>presso il resort <a href=\"https:\/\/www.princess-hotels.com\/en\/hotels\/gran-canaria\/mogan-princess\"><b>Princess &amp; Beach club di <\/b><b>Gran Canaria<\/b><\/a> a Taurito, che gode di una splendida vista sull&#8217;oceano!<\/p>\n<p lang=\"zxx\" align=\"justify\"><!--more--><\/p>\n<div id=\"attachment_4406\" style=\"width: 650px\" class=\"wp-caption aligncenter\"><img aria-describedby=\"caption-attachment-4406\" loading=\"lazy\" class=\"wp-image-4406\" src=\"http:\/\/vanessaziletti.com\/engine\/wp-content\/uploads\/2018\/01\/canarie-hotel.jpg\" alt=\"\" width=\"640\" height=\"480\" srcset=\"https:\/\/www.vanessaziletti.com\/engine\/wp-content\/uploads\/2018\/01\/canarie-hotel.jpg 2048w, https:\/\/www.vanessaziletti.com\/engine\/wp-content\/uploads\/2018\/01\/canarie-hotel-800x600.jpg 800w, https:\/\/www.vanessaziletti.com\/engine\/wp-content\/uploads\/2018\/01\/canarie-hotel-1440x1080.jpg 1440w\" sizes=\"(max-width: 640px) 100vw, 640px\" \/><p id=\"caption-attachment-4406\" class=\"wp-caption-text\">Vista dalla camera<\/p><\/div>\n<div id=\"attachment_4403\" style=\"width: 650px\" class=\"wp-caption aligncenter\"><img aria-describedby=\"caption-attachment-4403\" loading=\"lazy\" class=\"wp-image-4403\" src=\"http:\/\/vanessaziletti.com\/engine\/wp-content\/uploads\/2018\/01\/canarie.jpg\" alt=\"\" width=\"640\" height=\"480\" srcset=\"https:\/\/www.vanessaziletti.com\/engine\/wp-content\/uploads\/2018\/01\/canarie.jpg 2048w, https:\/\/www.vanessaziletti.com\/engine\/wp-content\/uploads\/2018\/01\/canarie-800x600.jpg 800w, https:\/\/www.vanessaziletti.com\/engine\/wp-content\/uploads\/2018\/01\/canarie-1440x1080.jpg 1440w\" sizes=\"(max-width: 640px) 100vw, 640px\" \/><p id=\"caption-attachment-4403\" class=\"wp-caption-text\">Una delle 3 piscine dell&#8217;hotel<\/p><\/div>\n<p lang=\"zxx\" align=\"justify\">Le <b>Canarie<\/b> sono un&#8217;ottima meta invernale per chi desidera trascorrere le vacanze al mare senza andare troppo lontano, in quanto sono raggiungibili in circa 4 ore di aereo.<\/p>\n<p lang=\"zxx\" align=\"justify\">Abbiamo scelto l&#8217;isola di <b>Gran Canaria<\/b> e precisamente Taurito, che si trova al sud, in quanto \u00e8 la zona pi\u00f9 mite e meno ventilata delle Canarie in questo periodo dell&#8217;anno. Il clima \u00e8 desertico, non esiste alcuna piovosit\u00e0 durante l&#8217;anno e a dicembre la temperatura oscilla dai 18\u00b0 C. ai 24\u00b0 C.<\/p>\n<p lang=\"zxx\" align=\"justify\">Se siete a Gran Canaria le <b>dune di Maspalomas<\/b> sono una tappa obbligatoria! Sono un&#8217;area naturale, unica nelle isole Canarie per la loro bellezza e sono protette dal Governo come riserva naturale speciale.<\/p>\n<div id=\"attachment_4407\" style=\"width: 650px\" class=\"wp-caption aligncenter\"><img aria-describedby=\"caption-attachment-4407\" loading=\"lazy\" class=\"wp-image-4407\" src=\"http:\/\/vanessaziletti.com\/engine\/wp-content\/uploads\/2018\/01\/dune.jpg\" alt=\"\" width=\"640\" height=\"480\" srcset=\"https:\/\/www.vanessaziletti.com\/engine\/wp-content\/uploads\/2018\/01\/dune.jpg 2048w, https:\/\/www.vanessaziletti.com\/engine\/wp-content\/uploads\/2018\/01\/dune-800x600.jpg 800w, https:\/\/www.vanessaziletti.com\/engine\/wp-content\/uploads\/2018\/01\/dune-1440x1080.jpg 1440w\" sizes=\"(max-width: 640px) 100vw, 640px\" \/><p id=\"caption-attachment-4407\" class=\"wp-caption-text\">Dune di Maspalomas<\/p><\/div>\n<div id=\"attachment_4413\" style=\"width: 650px\" class=\"wp-caption aligncenter\"><img aria-describedby=\"caption-attachment-4413\" loading=\"lazy\" class=\"wp-image-4413\" src=\"http:\/\/vanessaziletti.com\/engine\/wp-content\/uploads\/2018\/01\/dune-maspalomas.jpg\" alt=\"\" width=\"640\" height=\"480\" srcset=\"https:\/\/www.vanessaziletti.com\/engine\/wp-content\/uploads\/2018\/01\/dune-maspalomas.jpg 2048w, https:\/\/www.vanessaziletti.com\/engine\/wp-content\/uploads\/2018\/01\/dune-maspalomas-800x600.jpg 800w, https:\/\/www.vanessaziletti.com\/engine\/wp-content\/uploads\/2018\/01\/dune-maspalomas-1440x1080.jpg 1440w\" sizes=\"(max-width: 640px) 100vw, 640px\" \/><p id=\"caption-attachment-4413\" class=\"wp-caption-text\">Dune di Maspalomas<\/p><\/div>\n<p lang=\"zxx\" align=\"justify\">Le temperature miti delle Canarie in questo periodo dell&#8217;anno consentono di prendere il sole per molto tempo e nelle ore pi\u00f9 calde in maniera piacevole. Tenendo conto che in inverno la melanina non \u00e8 stimolata, \u00e8 estremamente importante proteggere la pelle per evitare scottature, prevenire l&#8217;invecchiamento cutaneo e la formazione di macchie solari.<\/p>\n<p lang=\"zxx\" align=\"justify\"><a href=\"https:\/\/pixabay.com\/it\/photos\/?q=viso+sole&amp;hp=&amp;image_type=&amp;cat=&amp;min_width=&amp;min_height=\"><br \/>\n<img loading=\"lazy\" class=\"aligncenter wp-image-4415\" src=\"http:\/\/vanessaziletti.com\/engine\/wp-content\/uploads\/2018\/01\/sole.jpg\" alt=\"\" width=\"640\" height=\"427\" \/><\/a><\/p>\n<p lang=\"zxx\" align=\"justify\">La scelta del solare \u00e8 fondamentale e pertanto ho deciso di &#8220;partire&#8221; con i solari di <b><a href=\"https:\/\/www.lierac.it\/solari\/\">Lierac Paris<\/a>, <\/b>brand che da 40 anni si prende cura della bellezza delle donne con una cosmesi d&#8217;avanguardia.<\/p>\n<div id=\"attachment_4417\" style=\"width: 650px\" class=\"wp-caption aligncenter\"><img aria-describedby=\"caption-attachment-4417\" loading=\"lazy\" class=\"wp-image-4417\" src=\"http:\/\/vanessaziletti.com\/engine\/wp-content\/uploads\/2018\/01\/protezione.jpg\" alt=\"\" width=\"640\" height=\"480\" srcset=\"https:\/\/www.vanessaziletti.com\/engine\/wp-content\/uploads\/2018\/01\/protezione.jpg 2048w, https:\/\/www.vanessaziletti.com\/engine\/wp-content\/uploads\/2018\/01\/protezione-800x600.jpg 800w, https:\/\/www.vanessaziletti.com\/engine\/wp-content\/uploads\/2018\/01\/protezione-1440x1080.jpg 1440w\" sizes=\"(max-width: 640px) 100vw, 640px\" \/><p id=\"caption-attachment-4417\" class=\"wp-caption-text\">Latte protettivo energizzante SPF30 Lierac Paris<\/p><\/div>\n<p lang=\"zxx\" align=\"justify\">Ho utilizzato il <a href=\"https:\/\/www.lierac.it\/sunissime-latte-protettivo-energizzante-anti-eta-globale-spf30.html\"><b>latte protettivo energizzante anti-et\u00e0 con SPF 30<\/b><\/a> con il quale mi sono trovata benissimo in quanto, oltre ad avere un sistema filtrante brevettato, cattura i radicali liberi generati dai raggi UV e li trasforma in taurina, rinforzando cos\u00ec la barriera della pelle. Risultato: pelle pi\u00f9 bella, idratata, levigata e rimpolpata!<\/p>\n<div id=\"attachment_4418\" style=\"width: 650px\" class=\"wp-caption aligncenter\"><img aria-describedby=\"caption-attachment-4418\" loading=\"lazy\" class=\"wp-image-4418\" src=\"http:\/\/vanessaziletti.com\/engine\/wp-content\/uploads\/2018\/01\/doposole.jpg\" alt=\"\" width=\"640\" height=\"480\" srcset=\"https:\/\/www.vanessaziletti.com\/engine\/wp-content\/uploads\/2018\/01\/doposole.jpg 2048w, https:\/\/www.vanessaziletti.com\/engine\/wp-content\/uploads\/2018\/01\/doposole-800x600.jpg 800w, https:\/\/www.vanessaziletti.com\/engine\/wp-content\/uploads\/2018\/01\/doposole-1440x1080.jpg 1440w\" sizes=\"(max-width: 640px) 100vw, 640px\" \/><p id=\"caption-attachment-4418\" class=\"wp-caption-text\">Latte riparatore reidratante Lierac Paris<\/p><\/div>\n<p lang=\"zxx\" align=\"justify\">Dopo l&#8217;esposizione solare \u00e8 importante idratare la pelle per ottenere un&#8217;abbronzatura pi\u00f9 duratura e uniforme. Consigliatissimo \u00e8 il <a href=\"https:\/\/www.lierac.it\/sunissime-latte-riparatore.html\"><b>latte riparatore reidratante di Lierac Paris<\/b><\/a>! Questo latte dopo-sole lenisce la sensazione di calore, riducendo la temperatura cutanea. La texture \u00e8 leggera e fresca, con una delicata profumazione di fiori bianchi. Ottimo per chi desidera un&#8217;abbronzatura intensa, radiosa e senza irregolarit\u00e0 pigmentarie.<\/p>\n<p lang=\"zxx\" align=\"justify\">Ragazze, siamo giunte al termine di questo &#8220;viaggio&#8221;! Se volete continuare a sognare con altre mete invernali, vi lascio qui il <a href=\"https:\/\/www.youtube.com\/watch?v=Dv6stwHEv6I\">link dei vlog di Vanessa in vacanza a Bali<\/a> e degli articoli sulle <a href=\"http:\/\/vanessaziletti.com\/2017\/12\/vacanze-di-natale-esotiche-le-mauritius-%E2%9D%A4.html\">Mauritius<\/a> e <a href=\"http:\/\/vanessaziletti.com\/2017\/12\/vacanze-di-natale-a-phuket.html\">Phuket<\/a>, rispettivamente di Marzia e Gabriella!<\/p>\n<p lang=\"zxx\" align=\"justify\">A presto, Laura<\/p>\n<p lang=\"zxx\" align=\"justify\">\n","protected":false},"excerpt":{"rendered":"<p>Ciao ragazze! Quest&#8217;anno ho trascorso il Natale con la mia famiglia alle Canarie, presso il resort Princess &amp; Beach club di Gran Canaria a Taurito, che gode di una splendida vista sull&#8217;oceano!<\/p>\n","protected":false},"author":9,"featured_media":4407,"comment_status":"open","ping_status":"closed","sticky":false,"template":"","format":"standard","meta":[],"categories":[845,841],"tags":[1060,1066,1064,1063,949,1062,1065,820,686,1061],"jetpack_featured_media_url":"https:\/\/www.vanessaziletti.com\/engine\/wp-content\/uploads\/2018\/01\/dune.jpg","_links":{"self":[{"href":"https:\/\/www.vanessaziletti.com\/engine\/wp-json\/wp\/v2\/posts\/4402"}],"collection":[{"href":"https:\/\/www.vanessaziletti.com\/engine\/wp-json\/wp\/v2\/posts"}],"about":[{"href":"https:\/\/www.vanessaziletti.com\/engine\/wp-json\/wp\/v2\/types\/post"}],"author":[{"embeddable":true,"href":"https:\/\/www.vanessaziletti.com\/engine\/wp-json\/wp\/v2\/users\/9"}],"replies":[{"embeddable":true,"href":"https:\/\/www.vanessaziletti.com\/engine\/wp-json\/wp\/v2\/comments?post=4402"}],"version-history":[{"count":5,"href":"https:\/\/www.vanessaziletti.com\/engine\/wp-json\/wp\/v2\/posts\/4402\/revisions"}],"predecessor-version":[{"id":4405,"href":"https:\/\/www.vanessaziletti.com\/engine\/wp-json\/wp\/v2\/posts\/4402\/revisions\/4405"}],"wp:featuredmedia":[{"embeddable":true,"href":"https:\/\/www.vanessaziletti.com\/engine\/wp-json\/wp\/v2\/media\/4407"}],"wp:attachment":[{"href":"https:\/\/www.vanessaziletti.com\/engine\/wp-json\/wp\/v2\/media?parent=4402"}],"wp:term":[{"taxonomy":"category","embeddable":true,"href":"https:\/\/www.vanessaziletti.com\/engine\/wp-json\/wp\/v2\/categories?post=4402"},{"taxonomy":"post_tag","embeddable":true,"href":"https:\/\/www.vanessaziletti.com\/engine\/wp-json\/wp\/v2\/tags?post=4402"}],"curies":[{"name":"wp","href":"https:\/\/api.w.org\/{rel}","templated":true}]}}